{"id":1134,"date":"2019-05-20T16:46:23","date_gmt":"2019-05-20T14:46:23","guid":{"rendered":"http:\/\/vcwolfurt.at\/?p=1134"},"modified":"2019-05-20T16:46:23","modified_gmt":"2019-05-20T14:46:23","slug":"2-bundesliga-trainer-gesucht","status":"publish","type":"post","link":"https:\/\/vcwolfurt.at\/index.php\/2-bundesliga-trainer-gesucht\/","title":{"rendered":"2. Bundesliga Trainer gesucht"},"content":{"rendered":"<p>F\u00fcr unser Herren 1, welches in der 2. Bundesliga agiert, suchen wir noch einen Trainer f\u00fcr die kommende Saison.<\/p>\n<p>Wir bieten eine Vielzahl an M\u00f6glichkeiten, auf Wunsch kann auch zus\u00e4tzlich eine Jugendgruppe \u00fcbernommen werden. Viele Trainingsutensilien und ein Strukturierter Verein bieten tolle M\u00f6glichkeiten f\u00fcr den Trainer.<\/p>\n<p>Was wir wollen:<\/p>\n<p>F\u00fcr die n\u00e4chste Saison erwarten wir uns einen gesicherten Platz im Mittelfeld. Unser Ziel ist es jedoch mit der eigenen Jugendarbeit, die sehr gut funktioniert, in 3-5 Jahren in die 1. Bundesliga auf zu steigen.<\/p>\n<p>F\u00fcr Information und Ausk\u00fcnfte steht Euch gern unser Pr\u00e4sident Sebastian Vonach zu Verf\u00fcgung.<\/p>\n<p>&nbsp;<\/p>\n<p>&nbsp;<\/p>\n<p>Kontaktdaten:<\/p>\n<p>Sebastian Vonach<\/p>\n<p>obmann@vcwolfurt.at<\/p>\n<p>0650 8182382<\/p>\n","protected":false},"excerpt":{"rendered":"<p>F\u00fcr unser Herren 1, welches in der 2. Bundesliga agiert, suchen wir noch einen Trainer f\u00fcr die kommende Saison. Wir bieten eine Vielzahl an M\u00f6glichkeiten, auf Wunsch kann auch zus\u00e4tzlich eine Jugendgruppe \u00fcbernommen werden. Viele Trainingsutensilien und ein Strukturierter Verein bieten tolle M\u00f6glichkeiten f\u00fcr den Trainer. Was wir wollen: F\u00fcr die n\u00e4chste Saison erwarten wir [&hellip;]<\/p>\n","protected":false},"author":4,"featured_media":1135,"comment_status":"open","ping_status":"open","sticky":false,"template":"","format":"standard","meta":{"footnotes":""},"categories":[3],"tags":[],"class_list":["post-1134","post","type-post","status-publish","format-standard","has-post-thumbnail","hentry","category-top-news"],"_links":{"self":[{"href":"https:\/\/vcwolfurt.at\/index.php\/wp-json\/wp\/v2\/posts\/1134","targetHints":{"allow":["GET"]}}],"collection":[{"href":"https:\/\/vcwolfurt.at\/index.php\/wp-json\/wp\/v2\/posts"}],"about":[{"href":"https:\/\/vcwolfurt.at\/index.php\/wp-json\/wp\/v2\/types\/post"}],"author":[{"embeddable":true,"href":"https:\/\/vcwolfurt.at\/index.php\/wp-json\/wp\/v2\/users\/4"}],"replies":[{"embeddable":true,"href":"https:\/\/vcwolfurt.at\/index.php\/wp-json\/wp\/v2\/comments?post=1134"}],"version-history":[{"count":1,"href":"https:\/\/vcwolfurt.at\/index.php\/wp-json\/wp\/v2\/posts\/1134\/revisions"}],"predecessor-version":[{"id":1136,"href":"https:\/\/vcwolfurt.at\/index.php\/wp-json\/wp\/v2\/posts\/1134\/revisions\/1136"}],"wp:featuredmedia":[{"embeddable":true,"href":"https:\/\/vcwolfurt.at\/index.php\/wp-json\/wp\/v2\/media\/1135"}],"wp:attachment":[{"href":"https:\/\/vcwolfurt.at\/index.php\/wp-json\/wp\/v2\/media?parent=1134"}],"wp:term":[{"taxonomy":"category","embeddable":true,"href":"https:\/\/vcwolfurt.at\/index.php\/wp-json\/wp\/v2\/categories?post=1134"},{"taxonomy":"post_tag","embeddable":true,"href":"https:\/\/vcwolfurt.at\/index.php\/wp-json\/wp\/v2\/tags?post=1134"}],"curies":[{"name":"wp","href":"https:\/\/api.w.org\/{rel}","templated":true}]}}