{"id":1399,"date":"2020-10-23T12:16:36","date_gmt":"2020-10-23T10:16:36","guid":{"rendered":"https:\/\/vcwolfurt.at\/?p=1399"},"modified":"2020-10-23T12:26:23","modified_gmt":"2020-10-23T10:26:23","slug":"heimspiel-am-sonntag-vs-vcmils","status":"publish","type":"post","link":"https:\/\/vcwolfurt.at\/index.php\/heimspiel-am-sonntag-vs-vcmils\/","title":{"rendered":"Heimspiel am Sonntag vs. VCMils"},"content":{"rendered":"<p style=\"font-weight: 400;\">Den Anschluss an die vier Spitzenteams wollen die Gastgeber halten. Damit ist eigentlich alles beschrieben. Die Wolfurter sollten gegen Tabellennachbar Mils voll Punkten.<\/p>\n<p>Zudem wollen sie vor eigenem Publikum beweisen, dass das verschlafene Spiel am vergangenem Wochenende in Linz (nach 0:2 R\u00fcckstand noch 3:2 gewonnen) nur eine Eintagsfliege war. Coach Pizunski wird auch sicherlich die richtigen Worte gefunden haben. Denn gegen Linz wurde ein Punkt hergeschenkt, der noch weh tun k\u00f6nnte.<br \/>\nDaher wollen Kapit\u00e4n Flo Winder und sein Team gegen die Tiroler Vollgas geben.<\/p>\n<p style=\"font-weight: 400;\">Nicht ganz sorgenfrei sind aber die \u201eW\u00f6lfe\u201c: Theo Reiter wird am Sonntag voraussichtlich nicht dabei sein.<br \/>\nSascha Mosig hat Knieprobleme und wird diese Saison nicht mehr eingesetzt werden k\u00f6nnen.<br \/>\nDie Vorarlberger konnten vor allem den Ausfall von Mosig kompensieren. Martin Grzybek ist aus Dresden ins L\u00e4ndle gezogen. Der Au\u00dfenangreifer ist nat\u00fcrlich noch nicht mit allen Spielabl\u00e4ufen bekannt, aber ist trotzdem eine willkommene Hilfe.<\/p>\n<p>Alles andere als leicht wird dieses Spiel sicher werden. Mils Coach Tom Schroffenegger gilt als gewiefter Taktiker und Motivator und versteht es immer wieder sein Team zu sehr guten Leistungen zu treiben. Man kennt sich aus den letzten Jahren in- und auswendig. An einer spannenden Partie steht also nix im Wege.<\/p>\n<p>&nbsp;<\/p>\n<p>Zu all dem wird es eine kleine Ver\u00e4nderung zu dem schon statt gefundenen Spiel geben. Es gilt ab Sonntag eine Maskenpflicht auch auf den zugewiesenen Sitzpl\u00e4tzen, ebenfalls werden keine Getr\u00e4nke bzw. Speisen ausgegeben.<\/p>\n","protected":false},"excerpt":{"rendered":"<p>Den Anschluss an die vier Spitzenteams wollen die Gastgeber halten. Damit ist eigentlich alles beschrieben. Die Wolfurter sollten gegen Tabellennachbar Mils voll Punkten. Zudem wollen sie vor eigenem Publikum beweisen, dass das verschlafene Spiel am vergangenem Wochenende in Linz (nach 0:2 R\u00fcckstand noch 3:2 gewonnen) nur eine Eintagsfliege war. Coach Pizunski wird auch sicherlich die [&hellip;]<\/p>\n","protected":false},"author":4,"featured_media":1380,"comment_status":"open","ping_status":"open","sticky":false,"template":"","format":"standard","meta":{"footnotes":""},"categories":[4],"tags":[],"class_list":["post-1399","post","type-post","status-publish","format-standard","has-post-thumbnail","hentry","category-spielberichte-herren-1"],"_links":{"self":[{"href":"https:\/\/vcwolfurt.at\/index.php\/wp-json\/wp\/v2\/posts\/1399","targetHints":{"allow":["GET"]}}],"collection":[{"href":"https:\/\/vcwolfurt.at\/index.php\/wp-json\/wp\/v2\/posts"}],"about":[{"href":"https:\/\/vcwolfurt.at\/index.php\/wp-json\/wp\/v2\/types\/post"}],"author":[{"embeddable":true,"href":"https:\/\/vcwolfurt.at\/index.php\/wp-json\/wp\/v2\/users\/4"}],"replies":[{"embeddable":true,"href":"https:\/\/vcwolfurt.at\/index.php\/wp-json\/wp\/v2\/comments?post=1399"}],"version-history":[{"count":4,"href":"https:\/\/vcwolfurt.at\/index.php\/wp-json\/wp\/v2\/posts\/1399\/revisions"}],"predecessor-version":[{"id":1403,"href":"https:\/\/vcwolfurt.at\/index.php\/wp-json\/wp\/v2\/posts\/1399\/revisions\/1403"}],"wp:featuredmedia":[{"embeddable":true,"href":"https:\/\/vcwolfurt.at\/index.php\/wp-json\/wp\/v2\/media\/1380"}],"wp:attachment":[{"href":"https:\/\/vcwolfurt.at\/index.php\/wp-json\/wp\/v2\/media?parent=1399"}],"wp:term":[{"taxonomy":"category","embeddable":true,"href":"https:\/\/vcwolfurt.at\/index.php\/wp-json\/wp\/v2\/categories?post=1399"},{"taxonomy":"post_tag","embeddable":true,"href":"https:\/\/vcwolfurt.at\/index.php\/wp-json\/wp\/v2\/tags?post=1399"}],"curies":[{"name":"wp","href":"https:\/\/api.w.org\/{rel}","templated":true}]}}