{"id":955,"date":"2018-09-24T18:22:38","date_gmt":"2018-09-24T16:22:38","guid":{"rendered":"http:\/\/vcwolfurt.at\/?p=955"},"modified":"2018-09-24T18:27:49","modified_gmt":"2018-09-24T16:27:49","slug":"bericht-zum-saisonauftakt-des-nachwuchses","status":"publish","type":"post","link":"https:\/\/vcwolfurt.at\/index.php\/bericht-zum-saisonauftakt-des-nachwuchses\/","title":{"rendered":"Bericht zum Saisonauftakt des Nachwuchses"},"content":{"rendered":"<p style=\"margin: 0cm 0cm 10.0pt 0cm;\"><b><span style=\"font-family: 'Arial','sans-serif';\">Die neue Saison 2018\/19 bringt neue Motivation<\/span><\/b><\/p>\n<p style=\"margin: 0cm 0cm 10.0pt 0cm;\"><span style=\"font-family: 'Arial','sans-serif';\">Ferien? Faulenzen? Nichtuns? Fehlanzeige! Der Start in die neue Saison war erfolgreich. Wir begannen mit dem Vorbereitungstraining ab Mitte August und haben uns 2x in der Woche bei der Beacharena in Wolfurt getroffen. Eine Runde joggen und volles Krafttraining im Sand. Sogar die Trainierinnen machten beim eigenen Programm mit.<\/span><\/p>\n<p>Kaum hat die Schule angefangen, ging das Training in der Halle auch los. Wir \u00fcbten wie jedes Jahr bei Saisonbeginn die ganzen Grundtechniken und konnten uns ein paar Eindr\u00fccke, von den neuen dazu gekommenen Spielerinnen, einholen.<\/p>\n<p style=\"margin: 0cm 0cm 10.0pt 0cm;\"><span style=\"font-family: 'Arial','sans-serif';\">21.09.-23.09.2018 besuchte unser Nachwuchs ein Trainingslager in Doren in der Pension Buhmann.<br \/>\nWie auch jedes Jahr wurden unser Nachwuchs und das Trainerteam mit sensationellen Essen verw\u00f6hnt. Die Sporthalle in Doren ist sehr gut ausgestattet und wir konnten unser Training mit vielen verschiedenen Materialien und \u00dcbungen \/ Stationen durchf\u00fchren.<\/span><\/p>\n<p style=\"margin: 12.0pt 0cm 12.0pt 0cm;\"><span style=\"font-family: 'Arial','sans-serif';\">Die flei\u00dfigen Teilnehmer konnten in diesen drei Trainingstage 5 Trainingseinheiten genie\u00dfen. Der am Trainingslager gezeigte Ehrgeiz und die Motivation der Volleyballerinnen ist vorbildlich und wird zu weiteren positiven Entwicklungsschritten f\u00fchren. <\/span><\/p>\n<p style=\"margin: 0cm 0cm 10.0pt 0cm;\"><span style=\"font-family: 'Arial','sans-serif';\">Nicht zu \u00fcbersehen waren die Verbesserungen in den Bereichen Aufschlag von oben, Annahme und L\u00e4ufersystem. Auch die Aufspielerinnen konnten ihre F\u00e4higkeiten in Spezial\u00fcbungen mit vielen Wiederholungen auf die Probe stellen.<\/span><\/p>\n<p style=\"margin: 0cm 0cm 10.0pt 0cm;\"><span style=\"font-family: 'Arial','sans-serif';\">Aus Sicht des Trainers hat jede einzelne Teilnehmerin einen Leistungssprung vollzogen.<\/span><\/p>\n<p style=\"margin: 0cm 0cm 10.0pt 0cm;\"><span style=\"font-family: 'Arial','sans-serif';\">Vielen Dank von der Mannschaft und vom Trainerteam an den RVCWolfurt und an die Gemeinde Doren. Ein herzliches Dankesch\u00f6n gilt auch Barbara f\u00fcr die Unterkunft und die tolle Verpflegung.<\/span><\/p>\n<p style=\"margin: 0cm 0cm 10.0pt 0cm;\"><span style=\"font-family: 'Arial','sans-serif';\">Sportliche Gr\u00fc\u00dfe<\/span><\/p>\n<p style=\"margin: 0cm 0cm 10.0pt 0cm;\"><span style=\"font-family: 'Arial','sans-serif';\">Das Trainerteam mit U15\/U13 M\u00e4dels, U13 Burschen und unsere U11\/12 M\u00e4dels<\/span><\/p>\n","protected":false},"excerpt":{"rendered":"<p>Die neue Saison 2018\/19 bringt neue Motivation Ferien? Faulenzen? Nichtuns? Fehlanzeige! Der Start in die neue Saison war erfolgreich. Wir begannen mit dem Vorbereitungstraining ab Mitte August und haben uns 2x in der Woche bei der Beacharena in Wolfurt getroffen. Eine Runde joggen und volles Krafttraining im Sand. Sogar die Trainierinnen machten beim eigenen Programm [&hellip;]<\/p>\n","protected":false},"author":4,"featured_media":956,"comment_status":"open","ping_status":"open","sticky":false,"template":"","format":"standard","meta":{"footnotes":""},"categories":[3],"tags":[],"class_list":["post-955","post","type-post","status-publish","format-standard","has-post-thumbnail","hentry","category-top-news"],"_links":{"self":[{"href":"https:\/\/vcwolfurt.at\/index.php\/wp-json\/wp\/v2\/posts\/955","targetHints":{"allow":["GET"]}}],"collection":[{"href":"https:\/\/vcwolfurt.at\/index.php\/wp-json\/wp\/v2\/posts"}],"about":[{"href":"https:\/\/vcwolfurt.at\/index.php\/wp-json\/wp\/v2\/types\/post"}],"author":[{"embeddable":true,"href":"https:\/\/vcwolfurt.at\/index.php\/wp-json\/wp\/v2\/users\/4"}],"replies":[{"embeddable":true,"href":"https:\/\/vcwolfurt.at\/index.php\/wp-json\/wp\/v2\/comments?post=955"}],"version-history":[{"count":3,"href":"https:\/\/vcwolfurt.at\/index.php\/wp-json\/wp\/v2\/posts\/955\/revisions"}],"predecessor-version":[{"id":959,"href":"https:\/\/vcwolfurt.at\/index.php\/wp-json\/wp\/v2\/posts\/955\/revisions\/959"}],"wp:featuredmedia":[{"embeddable":true,"href":"https:\/\/vcwolfurt.at\/index.php\/wp-json\/wp\/v2\/media\/956"}],"wp:attachment":[{"href":"https:\/\/vcwolfurt.at\/index.php\/wp-json\/wp\/v2\/media?parent=955"}],"wp:term":[{"taxonomy":"category","embeddable":true,"href":"https:\/\/vcwolfurt.at\/index.php\/wp-json\/wp\/v2\/categories?post=955"},{"taxonomy":"post_tag","embeddable":true,"href":"https:\/\/vcwolfurt.at\/index.php\/wp-json\/wp\/v2\/tags?post=955"}],"curies":[{"name":"wp","href":"https:\/\/api.w.org\/{rel}","templated":true}]}}